{"id":502,"date":"2026-02-10T12:41:50","date_gmt":"2026-02-10T11:41:50","guid":{"rendered":"https:\/\/www.miniplanetarium.pl\/?p=502"},"modified":"2026-02-10T12:41:51","modified_gmt":"2026-02-10T11:41:51","slug":"kosmiczne-ferie-2025","status":"publish","type":"post","link":"https:\/\/www.miniplanetarium.pl\/index.php\/2026\/02\/10\/kosmiczne-ferie-2025\/","title":{"rendered":"Kosmiczne Ferie 2026"},"content":{"rendered":"\n<p>\ud83d\udcc5 Zapisy na 2026 rok! Pomys\u0142 na Kosmiczne Ferie!<\/p>\n\n\n\n<p>Drodzy Nauczyciele! \ud83c\udf1f<\/p>\n\n\n\n<p>Chcieliby\u015bmy serdecznie zaprosi\u0107 Was i Waszych uczni\u00f3w na wyj\u0105tkow\u0105, edukacyjn\u0105 przygod\u0119 w naszym mobilnym Planetarium! \ud83d\ude80 To co\u015b wi\u0119cej ni\u017c tylko kino sferyczne, ale przede wszystkim interaktywna, pe\u0142na wiedzy i zabawy podr\u00f3\u017c w kosmos, idealnie dopasowana do podstawy programowej przedmiot\u00f3w przyrodniczych i \u015bcis\u0142ych.<\/p>\n\n\n\n<p>\ud83d\udcab Dlaczego warto wybra\u0107 nasze pokazy?<br>\ud83d\udd39 Obraz wy\u015bwietlany na ca\u0142ej kopule zapewnia niezwyk\u0142e, immersyjne do\u015bwiadczenie,<br>\ud83d\udd39 Doskonale sprawdzi si\u0119 na szkolnych wydarzeniach, festiwalach nauki i innych spotkaniach edukacyjnych,<br>\ud83d\udd39 Programy s\u0105 dostosowane do nauczania \u2013 uczniowie zrozumiej\u0105 zagadnienia kosmosu w przyst\u0119pny i anga\u017cuj\u0105cy spos\u00f3b,<br>\ud83d\udd39 Bezpo\u015bredni kontakt z do\u015bwiadczonym astronomem \u2013 odpowiedzi na wszystkie pytania uczni\u00f3w w czasie rzeczywistym,<br>\ud83d\udd39 Wielka kopu\u0142a (6 metr\u00f3w \u015brednicy!) pomie\u015bci ca\u0142\u0105 klas\u0119, tworz\u0105c niezapomnian\u0105 atmosfer\u0119,<br>\ud83d\udd39 Nasi animatorzy to specjali\u015bci, kt\u00f3rzy potrafi\u0105 zafascynowa\u0107 nawet najbardziej wymagaj\u0105cych uczni\u00f3w,<br>\ud83d\udd39 Pe\u0142na mobilno\u015b\u0107 \u2013 przyjedziemy do Twojej szko\u0142y, domu kultury lub instytucji,<br>\ud83d\udd39 Autorskie, inspiruj\u0105ce filmy edukacyjne, kt\u00f3re na d\u0142ugo pozostan\u0105 w pami\u0119ci uczni\u00f3w,<br>\ud83d\udd39 Organizujemy r\u00f3wnie\u017c ekscytuj\u0105ce warsztaty kosmiczne, kt\u00f3re wzbogac\u0105 wiedz\u0119 dzieci,<br>\ud83d\udd39 Nasze pokazy s\u0105 w pe\u0142ni bezpieczne i spe\u0142niaj\u0105 wszelkie wymogi prawne.<\/p>\n\n\n\n<p>Niech Twoje lekcje stan\u0105 si\u0119 wyj\u0105tkow\u0105 kosmiczn\u0105 przygod\u0105! \ud83c\udf0d\ud83c\udf1f<br>Skontaktuj si\u0119 z nami, by um\u00f3wi\u0107 termin \u2013 wsp\u00f3lnie zrealizujemy fascynuj\u0105cy projekt edukacyjny!<\/p>\n\n\n\n<p>#PlanetariumDlaSzk\u00f3\u0142 #EdukacjaPrzezZabaw\u0119 #KosmicznaPrzygoda #NaukaJestFascynuj\u0105ca #AstronomiaWPraktyce #planetarium wi\u0119cej ni\u017c #kinosferyczne #kosmos #szko\u0142a #astronomia #ciekawelekcje #nauka #planetariummobilne #dmuchaneplanetarium #gwiazdy #edutainment #edukacjakosmiczna #kosmicznewarsztaty #planetariumwszkole<\/p>\n","protected":false},"excerpt":{"rendered":"<p>\ud83d\udcc5 Zapisy na 2026 rok! Pomys\u0142 na Kosmiczne Ferie! Drodzy Nauczyciele! \ud83c\udf1f Chcieliby\u015bmy serdecznie zaprosi\u0107 Was i Waszych uczni\u00f3w na wyj\u0105tkow\u0105, edukacyjn\u0105 przygod\u0119 w naszym mobilnym Planetarium! \ud83d\ude80 To co\u015b wi\u0119cej ni\u017c tylko kino sferyczne, ale przede wszystkim interaktywna, pe\u0142na wiedzy i zabawy podr\u00f3\u017c w kosmos, idealnie dopasowana do podstawy<a class=\"moretag\" href=\"https:\/\/www.miniplanetarium.pl\/index.php\/2026\/02\/10\/kosmiczne-ferie-2025\/\"> Czytaj wi\u0119cej<\/a><\/p>\n","protected":false},"author":1,"featured_media":503,"comment_status":"closed","ping_status":"open","sticky":false,"template":"","format":"standard","meta":{"footnotes":""},"categories":[3],"tags":[],"class_list":["post-502","post","type-post","status-publish","format-standard","has-post-thumbnail","hentry","category-miniplanetarium-pl"],"_links":{"self":[{"href":"https:\/\/www.miniplanetarium.pl\/index.php\/wp-json\/wp\/v2\/posts\/502","targetHints":{"allow":["GET"]}}],"collection":[{"href":"https:\/\/www.miniplanetarium.pl\/index.php\/wp-json\/wp\/v2\/posts"}],"about":[{"href":"https:\/\/www.miniplanetarium.pl\/index.php\/wp-json\/wp\/v2\/types\/post"}],"author":[{"embeddable":true,"href":"https:\/\/www.miniplanetarium.pl\/index.php\/wp-json\/wp\/v2\/users\/1"}],"replies":[{"embeddable":true,"href":"https:\/\/www.miniplanetarium.pl\/index.php\/wp-json\/wp\/v2\/comments?post=502"}],"version-history":[{"count":2,"href":"https:\/\/www.miniplanetarium.pl\/index.php\/wp-json\/wp\/v2\/posts\/502\/revisions"}],"predecessor-version":[{"id":531,"href":"https:\/\/www.miniplanetarium.pl\/index.php\/wp-json\/wp\/v2\/posts\/502\/revisions\/531"}],"wp:featuredmedia":[{"embeddable":true,"href":"https:\/\/www.miniplanetarium.pl\/index.php\/wp-json\/wp\/v2\/media\/503"}],"wp:attachment":[{"href":"https:\/\/www.miniplanetarium.pl\/index.php\/wp-json\/wp\/v2\/media?parent=502"}],"wp:term":[{"taxonomy":"category","embeddable":true,"href":"https:\/\/www.miniplanetarium.pl\/index.php\/wp-json\/wp\/v2\/categories?post=502"},{"taxonomy":"post_tag","embeddable":true,"href":"https:\/\/www.miniplanetarium.pl\/index.php\/wp-json\/wp\/v2\/tags?post=502"}],"curies":[{"name":"wp","href":"https:\/\/api.w.org\/{rel}","templated":true}]}}