{"id":520,"date":"2025-07-16T22:13:49","date_gmt":"2025-07-16T20:13:49","guid":{"rendered":"https:\/\/www.miniplanetarium.pl\/?p=520"},"modified":"2026-02-10T12:41:05","modified_gmt":"2026-02-10T11:41:05","slug":"mniejsza-kopula-5m-do-mniejszych-sal","status":"publish","type":"post","link":"https:\/\/www.miniplanetarium.pl\/index.php\/2025\/07\/16\/mniejsza-kopula-5m-do-mniejszych-sal\/","title":{"rendered":"Mniejsza kopu\u0142a 5m &#8211; do mniejszych sal!"},"content":{"rendered":"\n<h2 class=\"wp-block-heading\">\ud83c\udf0c Nowo\u015b\u0107: Mobilne Miniplanetarium dla ma\u0142ych sal \u2013 idealne dla przedszkoli, szk\u00f3\u0142 i instytucji kultury!<\/h2>\n\n\n\n<figure class=\"wp-block-image size-large\"><img loading=\"lazy\" decoding=\"async\" width=\"1024\" height=\"768\" src=\"https:\/\/www.miniplanetarium.pl\/wp-content\/uploads\/2025\/07\/IMG_0319-1024x768.jpeg\" alt=\"\" class=\"wp-image-522\" srcset=\"https:\/\/www.miniplanetarium.pl\/wp-content\/uploads\/2025\/07\/IMG_0319-1024x768.jpeg 1024w, https:\/\/www.miniplanetarium.pl\/wp-content\/uploads\/2025\/07\/IMG_0319-300x225.jpeg 300w, https:\/\/www.miniplanetarium.pl\/wp-content\/uploads\/2025\/07\/IMG_0319-768x576.jpeg 768w, https:\/\/www.miniplanetarium.pl\/wp-content\/uploads\/2025\/07\/IMG_0319-1536x1152.jpeg 1536w, https:\/\/www.miniplanetarium.pl\/wp-content\/uploads\/2025\/07\/IMG_0319-2048x1536.jpeg 2048w\" sizes=\"auto, (max-width: 1024px) 100vw, 1024px\" \/><\/figure>\n\n\n\n<p>Z rado\u015bci\u0105 przedstawiamy now\u0105 ods\u0142on\u0119 naszej oferty \u2013 <strong>mobilne planetarium z kompaktow\u0105 kopu\u0142\u0105 o \u015brednicy 5 metr\u00f3w i wysoko\u015bci 2,5 metra<\/strong>, zaprojektowan\u0105 z my\u015bl\u0105 o <strong>mniejszych salach<\/strong>. To innowacyjne rozwi\u0105zanie pozwala przeprowadzi\u0107 pe\u0142nowarto\u015bciowe pokazy astronomiczne w przestrzeniach, kt\u00f3re dot\u0105d by\u0142y zbyt ma\u0142e dla tradycyjnych kopu\u0142.<\/p>\n\n\n\n<p>Dzi\u0119ki temu <strong>pokaz astronomiczny w przedszkolu, domu kultury czy bibliotece<\/strong> staje si\u0119 mo\u017cliwy bez posiadania du\u017cej sali gimnastycznej!<\/p>\n\n\n\n<figure class=\"wp-block-image size-large\"><img loading=\"lazy\" decoding=\"async\" width=\"1024\" height=\"768\" src=\"https:\/\/www.miniplanetarium.pl\/wp-content\/uploads\/2025\/07\/IMG_8999-1024x768.jpeg\" alt=\"\" class=\"wp-image-521\" srcset=\"https:\/\/www.miniplanetarium.pl\/wp-content\/uploads\/2025\/07\/IMG_8999-1024x768.jpeg 1024w, https:\/\/www.miniplanetarium.pl\/wp-content\/uploads\/2025\/07\/IMG_8999-300x225.jpeg 300w, https:\/\/www.miniplanetarium.pl\/wp-content\/uploads\/2025\/07\/IMG_8999-768x576.jpeg 768w, https:\/\/www.miniplanetarium.pl\/wp-content\/uploads\/2025\/07\/IMG_8999-1536x1152.jpeg 1536w, https:\/\/www.miniplanetarium.pl\/wp-content\/uploads\/2025\/07\/IMG_8999-2048x1536.jpeg 2048w\" sizes=\"auto, (max-width: 1024px) 100vw, 1024px\" \/><\/figure>\n\n\n\n<hr class=\"wp-block-separator has-alpha-channel-opacity\"\/>\n\n\n\n<h3 class=\"wp-block-heading\">\u2b50 Kompaktowa kopu\u0142a \u2013 wielkie mo\u017cliwo\u015bci<\/h3>\n\n\n\n<p>Nasza nowa kopu\u0142a zosta\u0142a stworzona z my\u015bl\u0105 o takich miejscach jak:<\/p>\n\n\n\n<ul class=\"wp-block-list\">\n<li><strong>Sale przedszkolne<\/strong><\/li>\n\n\n\n<li><strong>\u015awietlice szkolne<\/strong><\/li>\n\n\n\n<li><strong>Ma\u0142e sale konferencyjne<\/strong><\/li>\n\n\n\n<li><strong>Pomieszczenia w bibliotekach, muzeach i domach kultury<\/strong><\/li>\n<\/ul>\n\n\n\n<p>Wystarczy przestrze\u0144 o wymiarach 5\u202f\u00d7\u202f5 metr\u00f3w i wysoko\u015bci minimum 2,5 metra, by zorganizowa\u0107 u siebie<strong> pokaz nieba i podr\u00f3\u017c po Uk\u0142adzie S\u0142onecznym<\/strong>.<\/p>\n\n\n\n<hr class=\"wp-block-separator has-alpha-channel-opacity\"\/>\n\n\n\n<h3 class=\"wp-block-heading\">\ud83e\uddd1\u200d\ud83c\udfeb Dla kogo jest ta oferta?<\/h3>\n\n\n\n<p>Nasze Miniplanetarium doskonale sprawdzi si\u0119 w\u015br\u00f3d:<\/p>\n\n\n\n<ul class=\"wp-block-list\">\n<li><strong>Nauczycieli przedszkoli i klas 0\u20133<\/strong>, kt\u00f3rzy chc\u0105 wzbogaci\u0107 program edukacji przyrodniczej i wprowadzi\u0107 dzieci w fascynuj\u0105cy \u015bwiat kosmosu.<\/li>\n\n\n\n<li><strong>Dom\u00f3w kultury, bibliotek i muze\u00f3w<\/strong>, kt\u00f3re poszukuj\u0105 nowoczesnych, edukacyjnych atrakcji dla dzieci i m\u0142odzie\u017cy.<\/li>\n\n\n\n<li><strong>Organizator\u00f3w wydarze\u0144 edukacyjnych i rodzinnych<\/strong>, kt\u00f3rzy chc\u0105 zaoferowa\u0107 unikaln\u0105 atrakcj\u0119 w formacie mobilnym.<\/li>\n\n\n\n<li><strong>Animator\u00f3w edukacyjnych i koordynator\u00f3w projekt\u00f3w kulturalnych<\/strong> realizuj\u0105cych inicjatywy lokalne, grantowe, warsztaty.<\/li>\n<\/ul>\n\n\n\n<figure class=\"wp-block-image size-large\"><img loading=\"lazy\" decoding=\"async\" width=\"1024\" height=\"768\" src=\"https:\/\/www.miniplanetarium.pl\/wp-content\/uploads\/2025\/07\/IMG_0286-1024x768.jpeg\" alt=\"\" class=\"wp-image-523\" srcset=\"https:\/\/www.miniplanetarium.pl\/wp-content\/uploads\/2025\/07\/IMG_0286-1024x768.jpeg 1024w, https:\/\/www.miniplanetarium.pl\/wp-content\/uploads\/2025\/07\/IMG_0286-300x225.jpeg 300w, https:\/\/www.miniplanetarium.pl\/wp-content\/uploads\/2025\/07\/IMG_0286-768x576.jpeg 768w, https:\/\/www.miniplanetarium.pl\/wp-content\/uploads\/2025\/07\/IMG_0286-1536x1152.jpeg 1536w, https:\/\/www.miniplanetarium.pl\/wp-content\/uploads\/2025\/07\/IMG_0286-2048x1536.jpeg 2048w\" sizes=\"auto, (max-width: 1024px) 100vw, 1024px\" \/><\/figure>\n\n\n\n<hr class=\"wp-block-separator has-alpha-channel-opacity\"\/>\n\n\n\n<h3 class=\"wp-block-heading\">\ud83c\udf20 Co oferujemy?<\/h3>\n\n\n\n<ol class=\"wp-block-list\">\n<li><strong>Kopu\u0142\u0119 mobiln\u0105 o \u015brednicy 5 m<\/strong>, kt\u00f3ra zmie\u015bci si\u0119 w ka\u017cdej plac\u00f3wce \u2013 nawet w niewielkiej sali.<\/li>\n\n\n\n<li><strong>Projekcje 360\u00b0<\/strong> \u2013 dzieci zanurzaj\u0105 si\u0119 w sferycznym obrazie kosmosu, czuj\u0105c si\u0119 jak w prawdziwym planetarium.<\/li>\n\n\n\n<li><strong>Pokaz prowadzony przez edukatora<\/strong> \u2013 opowie\u015bci o gwiazdach, planetach i zjawiskach astronomicznych dostosowane do wieku uczestnik\u00f3w.<\/li>\n\n\n\n<li><strong>Zaj\u0119cia edukacyjne zgodne z podstaw\u0105 programow\u0105<\/strong> \u2013 tematy z przyrody, geografii i astronomii przedstawione w przyst\u0119pny i atrakcyjny spos\u00f3b.<\/li>\n\n\n\n<li><strong>Czas trwania: 25\u201345 minut<\/strong>, z mo\u017cliwo\u015bci\u0105 dostosowania d\u0142ugo\u015bci pokazu do wieku grupy.<\/li>\n\n\n\n<li><strong>Mo\u017cliwo\u015b\u0107 realizacji kilku grup pokazowych w ci\u0105gu dnia<\/strong> \u2013 dopasujemy grafik do potrzeb plac\u00f3wki.<\/li>\n<\/ol>\n\n\n\n<hr class=\"wp-block-separator has-alpha-channel-opacity\"\/>\n\n\n\n<h3 class=\"wp-block-heading\">\ud83d\ude80 Dlaczego warto wybra\u0107 Miniplanetarium?<\/h3>\n\n\n\n<ul class=\"wp-block-list\">\n<li><strong>Pe\u0142na mobilno\u015b\u0107<\/strong> \u2013 doje\u017cd\u017camy do ka\u017cdej miejscowo\u015bci w Polsce.<\/li>\n\n\n\n<li><strong>Bezpiecze\u0144stwo i komfort<\/strong> \u2013 pokaz odbywa si\u0119 wewn\u0105trz budynku, niezale\u017cnie od pogody.<\/li>\n\n\n\n<li><strong>Elastyczno\u015b\u0107 organizacyjna<\/strong> \u2013 dzia\u0142amy w plac\u00f3wkach edukacyjnych, kulturalnych i prywatnych.<\/li>\n\n\n\n<li><strong>Wyj\u0105tkowa atrakcja edukacyjna<\/strong> \u2013 dzieci i m\u0142odzie\u017c ucz\u0105 si\u0119 poprzez zanurzenie w obrazie, zabaw\u0119 i opowie\u015bci.<\/li>\n<\/ul>\n\n\n\n<hr class=\"wp-block-separator has-alpha-channel-opacity\"\/>\n\n\n\n<h3 class=\"wp-block-heading\">\ud83d\udcc5 Idealna atrakcja na:<\/h3>\n\n\n\n<ul class=\"wp-block-list\">\n<li><strong>Kosmiczne ferie zimowe i wakacje letnie<\/strong><\/li>\n\n\n\n<li><strong>Tydzie\u0144 nauki w szkole<\/strong><\/li>\n\n\n\n<li><strong>Dzie\u0144 dziecka, dzie\u0144 przedszkolaka<\/strong><\/li>\n\n\n\n<li><strong>Rodzinne pikniki i festyny<\/strong><\/li>\n\n\n\n<li><strong>Noce bibliotek, weekendy nauki, dni otwarte<\/strong><\/li>\n\n\n\n<li><strong>Projekty kulturalne i grantowe<\/strong><\/li>\n<\/ul>\n\n\n\n<hr class=\"wp-block-separator has-alpha-channel-opacity\"\/>\n\n\n\n<h3 class=\"wp-block-heading\"><\/h3>\n\n\n\n<hr class=\"wp-block-separator has-alpha-channel-opacity\"\/>\n\n\n\n<h3 class=\"wp-block-heading\">\ud83d\udcde Skontaktuj si\u0119 z nami i zarezerwuj termin!<\/h3>\n\n\n\n<p>Zapraszamy do wsp\u00f3\u0142pracy nauczycieli, dyrektor\u00f3w plac\u00f3wek, pracownik\u00f3w dom\u00f3w kultury i bibliotek. Z przyjemno\u015bci\u0105 dopasujemy ofert\u0119 do Waszych potrzeb i mo\u017cliwo\u015bci lokalowych!<\/p>\n\n\n\n<p>\ud83d\udce7 <a>kontakt@miniplanetarium.pl<\/a><br>\ud83d\udcf1 +48 727 940 135<br>\ud83c\udf10 <a class=\"\" href=\"http:\/\/www.miniplanetarium.pl\">www.miniplanetarium.pl<\/a><\/p>\n\n\n\n<p><\/p>\n\n\n\n<p><\/p>\n\n\n\n<p>pokaz astronomiczny w przedszkolu, mobilne planetarium, miniplanetarium, planetarium do szko\u0142y, kopu\u0142a edukacyjna, pokazy kosmosu dla dzieci, edukacja astronomiczna, instytucje kultury, dom kultury atrakcje, edukacja STEAM, atrakcje do domu kultury, pokaz kosmiczny dla przedszkola, animacje edukacyjne, mobilna atrakcja edukacyjna, planetarium dla przedszkola, planetarium do wynaj\u0119cia<\/p>\n","protected":false},"excerpt":{"rendered":"<p>\ud83c\udf0c Nowo\u015b\u0107: Mobilne Miniplanetarium dla ma\u0142ych sal \u2013 idealne dla przedszkoli, szk\u00f3\u0142 i instytucji kultury! Z rado\u015bci\u0105 przedstawiamy now\u0105 ods\u0142on\u0119 naszej oferty \u2013 mobilne planetarium z kompaktow\u0105 kopu\u0142\u0105 o \u015brednicy 5 metr\u00f3w i wysoko\u015bci 2,5 metra, zaprojektowan\u0105 z my\u015bl\u0105 o mniejszych salach. To innowacyjne rozwi\u0105zanie pozwala przeprowadzi\u0107 pe\u0142nowarto\u015bciowe pokazy astronomiczne<a class=\"moretag\" href=\"https:\/\/www.miniplanetarium.pl\/index.php\/2025\/07\/16\/mniejsza-kopula-5m-do-mniejszych-sal\/\"> Czytaj wi\u0119cej<\/a><\/p>\n","protected":false},"author":1,"featured_media":522,"comment_status":"closed","ping_status":"open","sticky":false,"template":"","format":"standard","meta":{"footnotes":""},"categories":[3],"tags":[],"class_list":["post-520","post","type-post","status-publish","format-standard","has-post-thumbnail","hentry","category-miniplanetarium-pl"],"_links":{"self":[{"href":"https:\/\/www.miniplanetarium.pl\/index.php\/wp-json\/wp\/v2\/posts\/520","targetHints":{"allow":["GET"]}}],"collection":[{"href":"https:\/\/www.miniplanetarium.pl\/index.php\/wp-json\/wp\/v2\/posts"}],"about":[{"href":"https:\/\/www.miniplanetarium.pl\/index.php\/wp-json\/wp\/v2\/types\/post"}],"author":[{"embeddable":true,"href":"https:\/\/www.miniplanetarium.pl\/index.php\/wp-json\/wp\/v2\/users\/1"}],"replies":[{"embeddable":true,"href":"https:\/\/www.miniplanetarium.pl\/index.php\/wp-json\/wp\/v2\/comments?post=520"}],"version-history":[{"count":1,"href":"https:\/\/www.miniplanetarium.pl\/index.php\/wp-json\/wp\/v2\/posts\/520\/revisions"}],"predecessor-version":[{"id":524,"href":"https:\/\/www.miniplanetarium.pl\/index.php\/wp-json\/wp\/v2\/posts\/520\/revisions\/524"}],"wp:featuredmedia":[{"embeddable":true,"href":"https:\/\/www.miniplanetarium.pl\/index.php\/wp-json\/wp\/v2\/media\/522"}],"wp:attachment":[{"href":"https:\/\/www.miniplanetarium.pl\/index.php\/wp-json\/wp\/v2\/media?parent=520"}],"wp:term":[{"taxonomy":"category","embeddable":true,"href":"https:\/\/www.miniplanetarium.pl\/index.php\/wp-json\/wp\/v2\/categories?post=520"},{"taxonomy":"post_tag","embeddable":true,"href":"https:\/\/www.miniplanetarium.pl\/index.php\/wp-json\/wp\/v2\/tags?post=520"}],"curies":[{"name":"wp","href":"https:\/\/api.w.org\/{rel}","templated":true}]}}